{"id":2845,"date":"2025-05-21T10:44:02","date_gmt":"2025-05-21T08:44:02","guid":{"rendered":"https:\/\/www.colegiopedrojrubio.es\/?p=2845"},"modified":"2025-05-21T10:44:03","modified_gmt":"2025-05-21T08:44:03","slug":"becas-y-ayudas-para-alumnos-con-necesidad-especifica-de-apoyo-educativo","status":"publish","type":"post","link":"https:\/\/www.colegiopedrojrubio.es\/index.php\/2025\/05\/21\/becas-y-ayudas-para-alumnos-con-necesidad-especifica-de-apoyo-educativo\/","title":{"rendered":"Becas y ayudas para alumnos con necesidad espec\u00edfica de apoyo educativo"},"content":{"rendered":"\n<p><strong>Curso 2025 &#8211; 2026<\/strong><\/p>\n\n\n\n<p><strong>Plazo de presentaci\u00f3n de solicitudes:<\/strong><em> ABIERTO<\/em>&nbsp;desde el 30 de abril de 2025 hasta el 11 de septiembre de 2025.<\/p>\n\n\n\n<p><a rel=\"noreferrer noopener\" href=\"https:\/\/www.pap.hacienda.gob.es\/bdnstrans\/GE\/es\/convocatoria\/828444\/document\/1247855\" target=\"_blank\">Convocatoria<\/a><\/p>\n\n\n\n<p>Toda la informaci\u00f3n sobre esta convocatoria (ayudas de apoyo educativo) podr\u00e1s encontrarla en:<\/p>\n\n\n\n<p><a href=\"https:\/\/www.becaseducacion.gob.es\/becas-y-ayudas.html\">Portal de BECAS de EDUCACI\u00d3N<\/a><\/p>\n\n\n\n<p>La siguiente informaci\u00f3n est\u00e1 extra\u00edda de la web: <a href=\"https:\/\/www.becaseducacion.gob.es\/becas-y-ayudas\/ayudas-apoyo-educativo\/tipos-de-becas.html\">Tipos de ayuda &#8211; Ayudas de apoyo educativo &#8211; Becas y ayudas para estudiantes | Ministerio de Educaci\u00f3n, Formaci\u00f3n Profesional y Deportes<\/a><\/p>\n\n\n\n<h2>\u00bfQu\u00e9 personas pueden solicitar esta ayuda?<\/h2>\n\n\n\n<p><strong>Las ayudas est\u00e1n dirigidas a personas que presentan una necesidad espec\u00edfica de recibir apoyo educativo derivado de alguna de las siguientes situaciones:<\/strong><\/p>\n\n\n\n<p>Discapacidad<\/p>\n\n\n\n<p>Trastorno grave de conducta o de la comunicaci\u00f3n y del lenguaje<\/p>\n\n\n\n<p>Trastorno del espectro autista<\/p>\n\n\n\n<p>Altas capacidades<\/p>\n\n\n\n<h2><a><\/a>Para qu\u00e9 estudios puedes solicitar esta ayuda<\/h2>\n\n\n\n<p><strong>Puedes solicitar esta ayuda para los siguientes niveles no universitarios:<\/strong><\/p>\n\n\n\n<figure class=\"wp-block-table\"><table><thead><tr><th>Estudios<\/th><th>Discapacidad<\/th><th>Trastorno grave de conducta o de la comunicaci\u00f3n y del lenguaje<\/th><th>Trastorno del espectro autista<\/th><th>Altas capacidades<\/th><\/tr><\/thead><tbody><tr><td><strong>Educaci\u00f3n Infantil<\/strong><\/td><td><strong>S\u00cd<\/strong><\/td><td><strong>S\u00cd<\/strong><\/td><td><strong>S\u00cd<\/strong><\/td><td><strong>NO<\/strong><\/td><\/tr><tr><td><strong>Educaci\u00f3n Primaria<\/strong><\/td><td><strong>S\u00cd<\/strong><\/td><td><strong>S\u00cd<\/strong><\/td><td><strong>S\u00cd<\/strong><\/td><td><strong>S\u00cd<\/strong><\/td><\/tr><tr><td><strong>Educaci\u00f3n Secundaria Obligatoria<\/strong><\/td><td><strong>S\u00cd<\/strong><\/td><td><strong>S\u00cd<\/strong><\/td><td><strong>S\u00cd<\/strong><\/td><td><strong>S\u00cd<\/strong><\/td><\/tr><tr><td><strong>Bachillerato<\/strong><\/td><td><strong>S\u00cd<\/strong><\/td><td><strong>S\u00cd<\/strong><\/td><td><strong>S\u00cd<\/strong><\/td><td><strong>S\u00cd<\/strong><\/td><\/tr><tr><td><strong>Ciclos Formativos de Grado Medio y de Grado Superior<\/strong><\/td><td><strong>S\u00cd<\/strong><\/td><td><strong>S\u00cd<\/strong><\/td><td><strong>S\u00cd<\/strong><\/td><td><strong>S\u00cd<\/strong><\/td><\/tr><tr><td><strong>Ense\u00f1anzas art\u00edsticas profesionales<\/strong><\/td><td><strong>S\u00cd<\/strong><\/td><td><strong>S\u00cd<\/strong><\/td><td><strong>S\u00cd<\/strong><\/td><td><strong>S\u00cd<\/strong><\/td><\/tr><tr><td><strong>Formaci\u00f3n Profesional de Grado B\u00e1sico<\/strong><\/td><td><strong>S\u00cd<\/strong><\/td><td><strong>S\u00cd<\/strong><\/td><td><strong>S\u00cd<\/strong><\/td><td><strong>NO<\/strong><\/td><\/tr><tr><td><strong>Programas de formaci\u00f3n para la transici\u00f3n a la vida adulta<\/strong><\/td><td><strong>S\u00cd<\/strong><\/td><td><strong>S\u00cd<\/strong><\/td><td><strong>S\u00cd<\/strong><\/td><td><strong>NO<\/strong><\/td><\/tr><tr><td><strong>Otros programas formativos de Formaci\u00f3n Profesional*<\/strong><\/td><td><strong>S\u00cd<\/strong><\/td><td><strong>S\u00cd<\/strong><\/td><td><strong>S\u00cd<\/strong><\/td><td><strong>NO<\/strong><\/td><\/tr><\/tbody><\/table><\/figure>\n\n\n\n<p>*Programas formativos a los que se refiere la disposici\u00f3n adicional cuarta del Real Decreto 127\/2014, de 28 de febrero.<\/p>\n\n\n\n<h2><a><\/a>Cu\u00e1nto dinero puedes recibir por la ayuda<\/h2>\n\n\n\n<h3>Alumnado con discapacidad, trastorno grave de conducta o de la comunicaci\u00f3n y del lenguaje o trastorno del espectro autista<\/h3>\n\n\n\n<p>En funci\u00f3n de si cumples o no los requisitos econ\u00f3micos, recibir\u00e1s&nbsp;<strong>ayudas directas o subsidios<\/strong>. Te lo explicamos a continuaci\u00f3n.<\/p>\n\n\n\n<p><strong>Tienes que cumplir los requisitos que justifican la necesidad espec\u00edfica de apoyo educativo&nbsp;<\/strong>para tener derecho a recibir la ayuda o subsidio.<\/p>\n\n\n\n<h4>Ayudas directas<\/h4>\n\n\n\n<p><strong>Puedes recibir una o varias ayudas directas.<\/strong>&nbsp;Cada una corresponde a un servicio o apoyo que necesitas para seguir tus estudios (por ejemplo, transporte, residencia, reeducaci\u00f3n, etc.)<\/p>\n\n\n\n<p>Las cantidades de dinero de cada ayuda son:<\/p>\n\n\n\n<figure class=\"wp-block-table has-medium-font-size\"><table><thead><tr><th>Ayudas<\/th><th>Cuant\u00eda en euros<\/th><\/tr><\/thead><tbody><tr><td><strong>ENSE\u00d1ANZA<\/strong>Si estudias en centros privados no concertados. Es una ayuda compatible con todas las dem\u00e1s.<\/td><td><strong>Hasta 862 \u20ac<\/strong><\/td><\/tr><tr><td><strong>TRANSPORTE INTERURBANO<\/strong>Si el centro en el que estudias se encuentra en una localidad diferente a la de tu domicilio y justificas que lo necesitas por el tipo de discapacidad.Es incompatible con el transporte urbano y el de fin de semana.<\/td><td><strong>Hasta 617 \u20ac<\/strong><\/td><\/tr><tr><td><strong>COMEDOR ESCOLAR<\/strong>Si acreditas que comes en el centro.<\/td><td><strong>Hasta 574 \u20ac<\/strong><\/td><\/tr><tr><td><strong>RESIDENCIA ESCOLAR<\/strong>Si acreditas que haces uso de este servicio.Es una ayuda incompatible con las de comedor y de transporte interurbano y urbano, pero no con la de transporte para fin de semana.<\/td><td><strong>Hasta 1.795 \u20ac<\/strong><\/td><\/tr><tr><td><strong>TRANSPORTE FIN DE SEMANA<\/strong>Transporte para traslado de fin de semana de alumnos internos en centros de educaci\u00f3n especial.Es incompatible con el transporte interurbano y el transporte urbano.<\/td><td><strong>Hasta 442 \u20ac<\/strong><\/td><\/tr><tr><td><strong>TRANSPORTE URBANO<\/strong>Si justificas que lo necesitas por el tipo de discapacidad y la distancia entre tu casa y el centro.Es incompatible con el transporte interurbano y el transporte de fin de semana.<\/td><td><strong>Hasta 308 \u20ac<\/strong><\/td><\/tr><tr><td><strong>LIBROS Y MATERIAL DID\u00c1CTICO<\/strong>Seg\u00fan los estudios que vayas a cursar existe una cantidad fija.<\/td><td><strong>105 \u20ac &#8211; 204 \u20ac<\/strong><\/td><\/tr><tr><td><strong>REEDUCACI\u00d3N PEDAG\u00d3GICA<\/strong>Si justificas que la necesitas y que no la puedes recibir en tu centro educativo.<\/td><td><strong>Hasta 913 \u20ac<\/strong><\/td><\/tr><tr><td><strong>REEDUCACI\u00d3N DE LENGUAJE<\/strong>Si justificas que la necesitas y que no la puedes recibir en tu centro educativo.<\/td><td><strong>Hasta 913 \u20ac<\/strong><\/td><\/tr><\/tbody><\/table><\/figure>\n\n\n\n<p><strong>Si, en tu caso, el precio de los servicios es menor a estos importes, te concederemos la cantidad que hayas gastado en los servicios.<\/strong><\/p>\n\n\n\n<h4>Subsidios<\/h4>\n\n\n\n<p><strong>Para la convocatoria 2025\/26 habr\u00e1 dos tipos de subsidios, para los que no se requerir\u00e1 cumplir requisitos econ\u00f3micos:<\/strong><\/p>\n\n\n\n<figure class=\"wp-block-table\"><table><thead><tr><th>Subsidio para familias numerosas<\/th><th>Cuant\u00eda en euros<\/th><\/tr><\/thead><tbody><tr><td><strong>COMEDOR ESCOLAR<\/strong>Si acreditas que comes en el centro.<\/td><td><strong>Hasta 574 \u20ac<\/strong><\/td><\/tr><tr><td><strong>TRANSPORTE INTERURBANO<\/strong>Si el centro en el que estudias se encuentra en una localidad diferente a la de tu domicilio.<\/td><td><strong>Hasta 617 \u20ac<\/strong><\/td><\/tr><tr><td><strong>TRANSPORTE URBANO<\/strong>Si justificas que lo necesitas por el tipo de discapacidad y la distancia entre tu casa y el centro.Este subsidio es incompatible con el subsidio de transporte interurbano.<\/td><td><strong>Hasta 308 \u20ac<\/strong><\/td><\/tr><\/tbody><\/table><\/figure>\n\n\n\n<figure class=\"wp-block-table\"><table><thead><tr><th>Subsidio para gastos adicionales de car\u00e1cter general<\/th><th>Cuant\u00eda en euros<\/th><\/tr><\/thead><tbody><tr><td><strong>SUBSIDIO PARA GASTOS ADICIONALES DE CAR\u00c1CTER GENERAL<\/strong>Para todos los solicitantes que acrediten necesidad espec\u00edfica de apoyo educativo, seg\u00fan los requisitos establecidos en la convocatoria.<\/td><td><strong>400 \u20ac<\/strong><\/td><\/tr><\/tbody><\/table><\/figure>\n\n\n\n<p><strong>Recuerda que cuando est\u00e9s rellenando la solicitud, no tienes que indicar cu\u00e1les de estas ayudas o subsidios vas a necesitar.<\/strong><\/p>\n\n\n\n<p>La Administraci\u00f3n comprobar\u00e1 a qu\u00e9 ayudas o subsidios tienes derecho cuando examine todos los requisitos que cumples.<\/p>\n\n\n\n<h4>No concederemos las ayudas o subsidios<\/h4>\n\n\n\n<p>(Salvo el subsidio para gastos adicionales de car\u00e1cter general, que se conceder\u00e1 siempre que se justifique la necesidad de apoyo educativo, seg\u00fan los requisitos establecidos en la convocatoria).<\/p>\n\n\n\n<figure class=\"wp-block-image\"><img decoding=\"async\" src=\"https:\/\/www.becaseducacion.gob.es\/.imaging\/mte\/becas-theme\/contenido-cim-ico\/dam\/micrositios\/becas\/iconos\/ico-cx\/jcr:content\/ico-cx.png.png\" alt=\"Cuadrado se\u00f1alizado con una equis\" title=\"Cuadrado se\u00f1alizado con una equis\"\/><\/figure>\n\n\n\n<p>Cuando los centros educativos ya reciban ayudas para ofrecer estos servicios.<\/p>\n\n\n\n<figure class=\"wp-block-image\"><img decoding=\"async\" src=\"https:\/\/www.becaseducacion.gob.es\/.imaging\/mte\/becas-theme\/contenido-cim-ico\/dam\/micrositios\/becas\/iconos\/ico-cx\/jcr:content\/ico-cx.png.png\" alt=\"Cuadrado se\u00f1alizado con una equis\" title=\"Cuadrado se\u00f1alizado con una equis\"\/><\/figure>\n\n\n\n<p>Cuando ya los abonen fondos de cualquier administraci\u00f3n p\u00fablica.<\/p>\n\n\n\n<h3>Alumnado con altas capacidades<\/h3>\n\n\n\n<p>La ayuda de apoyo educativo a alumnos con altas capacidades&nbsp;<strong>es \u00fanica y va dirigida a la asistencia a programas espec\u00edficos<\/strong>&nbsp;siempre que estos programas sean un complemento a tus estudios.<\/p>\n\n\n\n<figure class=\"wp-block-table\"><table><thead><tr><th>Ayudas<\/th><th>Cuant\u00eda en euros<\/th><\/tr><\/thead><tbody><tr><td><strong>PROGRAMAS ESPEC\u00cdFICOS<\/strong>La cantidad de la ayuda ser\u00e1 la del gasto de esos programas espec\u00edficos.Esta ayuda no la concederemos si puedes asistir a un programa similar que se imparta de forma gratuita por la administraci\u00f3n educativa.<\/td><td><strong>Hasta 913 \u20ac<\/strong><\/td><\/tr><\/tbody><\/table><\/figure>\n\n\n\n<figure class=\"wp-block-table\"><table><thead><tr><th>Subsidio para gastos adicionales de car\u00e1cter general<\/th><th>Cuant\u00eda en euros<\/th><\/tr><\/thead><tbody><tr><td><strong>SUBSIDIO PARA GASTOS ADICIONALES DE CAR\u00c1CTER GENERAL<\/strong>Para todos los solicitantes que acrediten necesidad espec\u00edfica de apoyo educativo, seg\u00fan los requisitos establecidos en la convocatoria.<\/td><td><strong>400 \u20ac<\/strong><\/td><\/tr><\/tbody><\/table><\/figure>\n","protected":false},"excerpt":{"rendered":"<p>Curso 2025 &#8211; 2026 Plazo de presentaci\u00f3n de solicitudes: ABIERTO&nbsp;desde el 30 de abril de 2025 hasta el 11 de septiembre de 2025. Convocatoria Toda la informaci\u00f3n sobre esta convocatoria (ayudas de apoyo educativo) podr\u00e1s encontrarla en: Portal de BECAS&#8230;<\/p>\n","protected":false},"author":1,"featured_media":2511,"comment_status":"closed","ping_status":"open","sticky":false,"template":"","format":"standard","meta":[],"categories":[3],"tags":[145,36,146],"_links":{"self":[{"href":"https:\/\/www.colegiopedrojrubio.es\/index.php\/wp-json\/wp\/v2\/posts\/2845"}],"collection":[{"href":"https:\/\/www.colegiopedrojrubio.es\/index.php\/wp-json\/wp\/v2\/posts"}],"about":[{"href":"https:\/\/www.colegiopedrojrubio.es\/index.php\/wp-json\/wp\/v2\/types\/post"}],"author":[{"embeddable":true,"href":"https:\/\/www.colegiopedrojrubio.es\/index.php\/wp-json\/wp\/v2\/users\/1"}],"replies":[{"embeddable":true,"href":"https:\/\/www.colegiopedrojrubio.es\/index.php\/wp-json\/wp\/v2\/comments?post=2845"}],"version-history":[{"count":2,"href":"https:\/\/www.colegiopedrojrubio.es\/index.php\/wp-json\/wp\/v2\/posts\/2845\/revisions"}],"predecessor-version":[{"id":2847,"href":"https:\/\/www.colegiopedrojrubio.es\/index.php\/wp-json\/wp\/v2\/posts\/2845\/revisions\/2847"}],"wp:featuredmedia":[{"embeddable":true,"href":"https:\/\/www.colegiopedrojrubio.es\/index.php\/wp-json\/wp\/v2\/media\/2511"}],"wp:attachment":[{"href":"https:\/\/www.colegiopedrojrubio.es\/index.php\/wp-json\/wp\/v2\/media?parent=2845"}],"wp:term":[{"taxonomy":"category","embeddable":true,"href":"https:\/\/www.colegiopedrojrubio.es\/index.php\/wp-json\/wp\/v2\/categories?post=2845"},{"taxonomy":"post_tag","embeddable":true,"href":"https:\/\/www.colegiopedrojrubio.es\/index.php\/wp-json\/wp\/v2\/tags?post=2845"}],"curies":[{"name":"wp","href":"https:\/\/api.w.org\/{rel}","templated":true}]}}