{"id":3549,"date":"2026-04-22T12:50:00","date_gmt":"2026-04-22T10:50:00","guid":{"rendered":"https:\/\/www.colegiopedrojrubio.es\/?p=3549"},"modified":"2026-04-27T13:13:00","modified_gmt":"2026-04-27T11:13:00","slug":"campus-de-verano-abierto-por-vacaciones-2026","status":"publish","type":"post","link":"https:\/\/www.colegiopedrojrubio.es\/index.php\/2026\/04\/22\/campus-de-verano-abierto-por-vacaciones-2026\/","title":{"rendered":"Campus de verano &#8211; Abierto por vacaciones 2026"},"content":{"rendered":"\n<p><strong><u>CAMPUS&nbsp;&nbsp; ESCOLARES&nbsp; 2026<\/u><\/strong><\/p>\n\n\n\n<p><strong><u>FIN de CURSO&nbsp; (22 al 26 de Junio)<\/u><\/strong><\/p>\n\n\n\n<p><strong><u>VERANO&nbsp; (29 de junio al 31 de Julio y del 1 al 7 de septiembre)<\/u><\/strong><\/p>\n\n\n\n<p>Estimadas familias:<\/p>\n\n\n\n<p>Como en cursos anteriores desde la Asociaci\u00f3n de Madres y Padres del alumnado del Colegio, se van a organizar dos Campus l\u00fadicos una vez finalizado el curso escolar. Los Campus se proponen como una experiencia de convivencia en un entorno habitual para los ni\u00f1@s del Colegio, disfrutando de actividades de tipo did\u00e1ctico, l\u00fadico y deportivo, complementadas con excursiones.<\/p>\n\n\n\n<p>El horario general del campus ser\u00e1 de <strong>9.00 a 13.00 horas<\/strong>, con un <strong>servicio de acogida (Entrada a las 8.00 horas),<\/strong> y con el <strong>servicio de comedor al mediod\u00eda (Con salida escalonada a partir de las 14.15 hasta las 15.00)<\/strong>, que se efectuar\u00e1 con el servicio de catering Casa Matea(bdoshosteleria).<\/p>\n\n\n\n<h1>DESCRIPCI\u00d3N DE LAS ACTIVIDADES PROGRAMADAS.<\/h1>\n\n\n\n<h1>&nbsp;<\/h1>\n\n\n\n<h1>LUDOTECA INFANTIL JUNIO ,&nbsp; JULIO &nbsp;Y SEPTIEMBRE.<\/h1>\n\n\n\n<p>Esta actividad comprender\u00e1 la realizaci\u00f3n de actividades l\u00fadicas y de desarrollo para ni\u00f1os y ni\u00f1as de Infantil. Y en general contempla los siguientes tipos de actividades:<\/p>\n\n\n\n<ul>\n<li>Juegos en ingl\u00e9s.<\/li>\n\n\n\n<li>Cuenta cuentos y juegos relacionados con el cuento.<\/li>\n\n\n\n<li>Juegos individuales y en grupo, adquisici\u00f3n de h\u00e1bitos reglados.<\/li>\n\n\n\n<li>Actividades de expresi\u00f3n y comunicaci\u00f3n.<\/li>\n\n\n\n<li>Desarrollo de la psicomotricidad fina y gruesa.<\/li>\n\n\n\n<li>Dibujo y pl\u00e1stica.<\/li>\n\n\n\n<li>Iniciaci\u00f3n al deporte.<\/li>\n\n\n\n<li>Talleres de Cocina \u2013 Almuerzo saludable.<\/li>\n\n\n\n<li>Salidas por la ciudad y por la provincia.<\/li>\n\n\n\n<li>Actividades acu\u00e1ticas (julio)<\/li>\n<\/ul>\n\n\n\n<p><strong><br><\/strong><\/p>\n\n\n\n<p><strong><u>TALLER DE PRIMARIA \u2013 VERANO JUNIO, JULIO Y SEPTIEMBRE<\/u><\/strong><\/p>\n\n\n\n<p>Esta actividad que se realiza bajo la f\u00f3rmula de gesti\u00f3n directa desde la propia AMYPA, comprende la realizaci\u00f3n de actividades l\u00fadicas y de desarrollo para ni\u00f1os y ni\u00f1as de Primaria (separado por ciclos). Y en general contempla los siguientes tipos de actividades:<\/p>\n\n\n\n<ul>\n<li>Juegos individuales y en grupo.<\/li>\n\n\n\n<li>Actividades de expresi\u00f3n y comunicaci\u00f3n.<\/li>\n\n\n\n<li>Actividades deportivas.<\/li>\n\n\n\n<li>Algunos juegos y actividades deportivas se efectuar\u00e1n en ingl\u00e9s.<\/li>\n\n\n\n<li>Actividad de &nbsp;inform\u00e1tica (julio).<\/li>\n\n\n\n<li>Manualidades, dibujo y pl\u00e1stica.<\/li>\n\n\n\n<li>Visionado de pel\u00edculas, documentales y comentarios y debates sobre los mismos.<\/li>\n\n\n\n<li>Salidas guiadas por la ciudad y por la provincia.<\/li>\n\n\n\n<li>Actividades acu\u00e1ticas(julio)<\/li>\n<\/ul>\n\n\n\n<p><strong>&nbsp;Todos <\/strong>los <strong>viernes<\/strong> se programaran fiestas o excursiones. Por eso, <strong>los ni\u00f1os y ni\u00f1as que decidan no acudir a las excursiones, al no poder contar con el servicio del Campus del Colegio, deber\u00e1n quedarse con sus familias<\/strong>.<\/p>\n\n\n\n<p><strong><u>PRECIOS E INSCRIPCIONES.<\/u><\/strong><\/p>\n\n\n\n<p>La inscripci\u00f3n ser\u00e1 por semanas. Se contemplar\u00e1n las peticiones de servicio en d\u00edas sueltos.<\/p>\n\n\n\n<figure class=\"wp-block-table\"><table><tbody><tr><td><strong>Servicios<\/strong><\/td><td><strong>Tarifa \u00fanica<\/strong><\/td><\/tr><tr><td><strong>Semana completa junio, julio y septiembre<\/strong><\/td><td><strong>70 euros<\/strong><\/td><\/tr><tr><td><strong>Comedor semana completa<\/strong><\/td><td><strong>45 euros<\/strong><\/td><\/tr><tr><td><strong>D\u00edas sueltos comedor<\/strong><\/td><td><strong>9 euros<\/strong><\/td><\/tr><tr><td><strong>D\u00edas sueltos<\/strong><\/td><td><strong>14 euros<\/strong><\/td><\/tr><tr><td><strong>Alumnado becado junio, julio y septiembre<\/strong> <strong><\/strong><\/td><td><strong>10 euros\/semana<\/strong><strong><\/strong><\/td><\/tr><\/tbody><\/table><\/figure>\n\n\n\n<ul>\n<li>Forma de pago: Por ingreso en la <strong>cuenta del APA <\/strong>ES89 2085 5506 600330363722<\/li>\n<\/ul>\n\n\n\n<p>Debido a lo ajustado del Presupuesto del Proyecto siempre se cobrar\u00e1n los servicios solicitados, al margen de que los mismos no se utilicen en su totalidad (incluido el servicio de comedor). Para obtener el descuento de los servicios no utilizados, las anulaciones deber\u00e1n obedecer a razones de fuerza mayor debidamente justificadas.<\/p>\n\n\n\n<p><strong><u>La cuota se abonar\u00e1 por adelantado y no se devolver\u00e1 ya que el personal se contrata en funci\u00f3n del n\u00famero de ni\u00f1os apuntados.<\/u><\/strong><\/p>\n\n\n\n<p>Ante la posibilidad de cualquier <strong>imprevisto de tipo sanitario<\/strong>, agradeceremos que se indique cual es la entidad sanitaria a la que est\u00e9is adscritos (seguridad social u otra entidad o mutua sanitaria).<\/p>\n\n\n\n<p>Tambi\u00e9n se informa para <strong>quienes tengan recibos impagados<\/strong>, que junto con la inscripci\u00f3n deber\u00e1n acompa\u00f1ar una copia del resguardo de ingreso de los recibos pendientes y del pago anticipado del Campus de este a\u00f1o.<\/p>\n\n\n\n<p><strong><u>PLAZOS de INSCRIPCI\u00d3N:<\/u><\/strong><\/p>\n\n\n\n<p>EL PLAZO DE INSCRIPCIONES PARA <strong>ALUMNO HASTA EL 8 &nbsp;MAYO.<\/strong><\/p>\n\n\n\n<p><strong>(Informaci\u00f3n fuera de plazo llamar al tel\u00e9fono 679970545.)<\/strong><\/p>\n\n\n\n<p>&nbsp;Enviar el <strong>justificante de pago &nbsp;al correo apapedrojrubio@yahoo.es<\/strong> o directamente en el buz\u00f3n de la AMYPA (Colegio nuevo)&nbsp;<\/p>\n\n\n\n<p>A partir de dicha fecha, las nuevas solicitudes se atender\u00e1n en funci\u00f3n de las plazas vacantes. Cualquier necesidad no contemplada en los servicios expuestos, ser\u00e1 estudiada por la Asociaci\u00f3n.<\/p>\n\n\n\n<p>\u00a0\u00a0<strong>LA\u00a0\u00a0 JUNTA<\/strong><\/p>\n\n\n\n<p><a href=\"https:\/\/colegiopedrojrubio-my.sharepoint.com\/:b:\/g\/personal\/secretaria_colegiopedrojrubio_es\/IQDvuygk0nUaTJD5w7ugUQs3AXpcXsjtomig8Wr9B-TQwwk\" target=\"_blank\" rel=\"noreferrer noopener\">FICHA DE INSCRIPCI\u00d3N<\/a><\/p>\n\n\n\n<figure class=\"wp-block-image size-large\"><img decoding=\"async\" loading=\"lazy\" width=\"1024\" height=\"724\" src=\"https:\/\/www.colegiopedrojrubio.es\/wp-content\/uploads\/2026\/04\/Campus-Pedro-J.-Rubio-1024x724.jpg\" alt=\"\" class=\"wp-image-3554\" srcset=\"https:\/\/www.colegiopedrojrubio.es\/wp-content\/uploads\/2026\/04\/Campus-Pedro-J.-Rubio-1024x724.jpg 1024w, https:\/\/www.colegiopedrojrubio.es\/wp-content\/uploads\/2026\/04\/Campus-Pedro-J.-Rubio-300x212.jpg 300w, https:\/\/www.colegiopedrojrubio.es\/wp-content\/uploads\/2026\/04\/Campus-Pedro-J.-Rubio-768x543.jpg 768w, https:\/\/www.colegiopedrojrubio.es\/wp-content\/uploads\/2026\/04\/Campus-Pedro-J.-Rubio-1536x1086.jpg 1536w, https:\/\/www.colegiopedrojrubio.es\/wp-content\/uploads\/2026\/04\/Campus-Pedro-J.-Rubio-2048x1448.jpg 2048w\" sizes=\"(max-width: 1024px) 100vw, 1024px\" \/><\/figure>\n","protected":false},"excerpt":{"rendered":"<p>CAMPUS&nbsp;&nbsp; ESCOLARES&nbsp; 2026 FIN de CURSO&nbsp; (22 al 26 de Junio) VERANO&nbsp; (29 de junio al 31 de Julio y del 1 al 7 de septiembre) Estimadas familias: Como en cursos anteriores desde la Asociaci\u00f3n de Madres y Padres del&#8230;<\/p>\n","protected":false},"author":1,"featured_media":2402,"comment_status":"closed","ping_status":"open","sticky":false,"template":"","format":"standard","meta":[],"categories":[3],"tags":[24],"_links":{"self":[{"href":"https:\/\/www.colegiopedrojrubio.es\/index.php\/wp-json\/wp\/v2\/posts\/3549"}],"collection":[{"href":"https:\/\/www.colegiopedrojrubio.es\/index.php\/wp-json\/wp\/v2\/posts"}],"about":[{"href":"https:\/\/www.colegiopedrojrubio.es\/index.php\/wp-json\/wp\/v2\/types\/post"}],"author":[{"embeddable":true,"href":"https:\/\/www.colegiopedrojrubio.es\/index.php\/wp-json\/wp\/v2\/users\/1"}],"replies":[{"embeddable":true,"href":"https:\/\/www.colegiopedrojrubio.es\/index.php\/wp-json\/wp\/v2\/comments?post=3549"}],"version-history":[{"count":5,"href":"https:\/\/www.colegiopedrojrubio.es\/index.php\/wp-json\/wp\/v2\/posts\/3549\/revisions"}],"predecessor-version":[{"id":3557,"href":"https:\/\/www.colegiopedrojrubio.es\/index.php\/wp-json\/wp\/v2\/posts\/3549\/revisions\/3557"}],"wp:featuredmedia":[{"embeddable":true,"href":"https:\/\/www.colegiopedrojrubio.es\/index.php\/wp-json\/wp\/v2\/media\/2402"}],"wp:attachment":[{"href":"https:\/\/www.colegiopedrojrubio.es\/index.php\/wp-json\/wp\/v2\/media?parent=3549"}],"wp:term":[{"taxonomy":"category","embeddable":true,"href":"https:\/\/www.colegiopedrojrubio.es\/index.php\/wp-json\/wp\/v2\/categories?post=3549"},{"taxonomy":"post_tag","embeddable":true,"href":"https:\/\/www.colegiopedrojrubio.es\/index.php\/wp-json\/wp\/v2\/tags?post=3549"}],"curies":[{"name":"wp","href":"https:\/\/api.w.org\/{rel}","templated":true}]}}